{"id":183,"date":"2023-05-17T05:21:03","date_gmt":"2023-05-17T03:21:03","guid":{"rendered":"https:\/\/www.darkove-kose.com\/?p=183"},"modified":"2023-06-07T08:33:05","modified_gmt":"2023-06-07T06:33:05","slug":"choosing-a-table-lamp-orange-for-your-home","status":"publish","type":"post","link":"https:\/\/www.darkove-kose.com\/index.php\/2023\/05\/17\/choosing-a-table-lamp-orange-for-your-home\/","title":{"rendered":"V\u00fdb\u011br stoln\u00ed lampy oran\u017eov\u00e9 barvy pro v\u00e1\u0161 domov"},"content":{"rendered":"<p>Stoln\u00ed lampy jsou dokonal\u00fdm akcentem va\u0161eho domova \u2013 a\u0165 u\u017e se jedn\u00e1 o \u010dten\u00ed, z\u00e1bavu nebo jen p\u0159id\u00e1n\u00ed barev a sofistikovanosti. Tyto v\u0161estrann\u00e9 kusy jsou tak\u00e9 velmi praktick\u00e9 a jsou k dispozici v \u0161irok\u00e9 \u0161k\u00e1le styl\u016f, barev a povrchov\u00fdch \u00faprav, aby odpov\u00eddaly estetice jak\u00e9hokoli prostoru. P\u0159i v\u00fdb\u011bru stoln\u00ed lampy vezm\u011bte v \u00favahu kl\u00ed\u010dov\u00e9 prvky, jako je z\u00e1kladn\u00ed materi\u00e1l, typ sady a velikost produktu, abyste vybrali tu perfektn\u00ed pro v\u00e1\u0161 domov.<\/p>\n<p>Tato ohromuj\u00edc\u00ed lampa s poutav\u00fdm oran\u017eov\u011b modr\u00fdm ombre designem je skv\u011bl\u00fdm dopl\u0148kem jak\u00e9koli sou\u010dasn\u00e9 nebo tradi\u010dn\u00ed estetiky. \u0160t\u00edhl\u00e9 b\u00edl\u00e9 st\u00ednidlo bubnu vyva\u017euje vzhled a rozptyluje sv\u011btlo z jedin\u00e9 \u017e\u00e1rovky (nen\u00ed sou\u010d\u00e1st\u00ed dod\u00e1vky), aby poskytlo dostatek jasu pro v\u00e1\u0161 ob\u00fdvac\u00ed pokoj, lo\u017enici nebo dokonce d\u011btsk\u00fd pokoj.<\/p>\n<p>Osv\u011btlete sv\u00e9 obl\u00edben\u00e9 bytov\u00e9 za\u0159\u00edzen\u00ed ve stylu poloviny stolet\u00ed t\u00edmto akcentem z glazovan\u00e9 keramiky. V\u00fdrazn\u00e1 glazura v odst\u00ednech drahokam\u016f dod\u00e1v\u00e1 stylov\u00fd n\u00e1dech, kter\u00fd se dob\u0159e hod\u00ed ke klasick\u00e9mu i sou\u010dasn\u00e9mu dekoru, zat\u00edmco brou\u0161en\u00fd kov zv\u00fdraz\u0148uje elegantn\u00ed siluetu z\u00e1kladny. Naho\u0159e, \u010dist\u011b lemovan\u00fd \u0161edob\u00edl\u00fd ln\u011bn\u00fd odst\u00edn dotv\u00e1\u0159\u00ed vzhled s ostr\u00fdm vzhledem. Doraz\u00ed v sad\u011b po dvou.<\/p>\n<p>Prop\u016fj\u010dte sv\u00e9mu domovu rafinovanou estetiku s touto elegantn\u00ed terakotovou lampou. Zaoblen\u00e1 silueta z\u00e1kladny se vyzna\u010duje n\u00e1padnou oran\u017eovou glazurou, zat\u00edmco ln\u011bn\u00fd ln\u011bn\u00fd odst\u00edn ji dopl\u0148uje s k\u00fdvnut\u00edm na kopcovitou keramiku minulosti. Zjednodu\u0161en\u00fd profil a neutr\u00e1ln\u00ed paleta \u010din\u00ed tento akcent nad\u010dasovou volbou pro jak\u00fdkoli prostor.<\/p>\n<p>Glazovan\u00e1 keramick\u00e1 z\u00e1kladna t\u00e9to lampy m\u00e1 hrav\u00fd sm\u011br s prolamovanou texturovanou siluetou. Vzhled, dopln\u011bn\u00fd koordinuj\u00edc\u00edm st\u00ednidlem z pap\u00edrov\u00e9ho bubnu, p\u0159ipom\u00edn\u00e1 zahradn\u00ed elegantn\u00ed prost\u0159ed\u00ed. Um\u00edst\u011bte p\u00e1r lemuj\u00edc\u00ed d\u0159ev\u011bn\u00e9 \u010delo postele na odpov\u00eddaj\u00edc\u00ed no\u010dn\u00ed stolky ve va\u0161\u00ed hlavn\u00ed lo\u017enici, abyste osv\u011btlili prostor elegantn\u00ed, ale uvoln\u011bnou atmosf\u00e9rou.<\/p>\n<p>Glazovan\u00e1, \u017eebrovan\u00e1 keramick\u00e1 z\u00e1kladna t\u00e9to stoln\u00ed lampy m\u00e1 z\u00e1bavnou texturu, kter\u00e1 do va\u0161eho prostoru vnese hmatov\u00fd vzhled. Jednoduch\u00e9 pl\u00e1t\u011bn\u00e9 st\u00ednidlo na buben vyva\u017euje vzhled a rozptyluje jedinou \u017e\u00e1rovku, aby vytvo\u0159ilo tepl\u00e9 okoln\u00ed osv\u011btlen\u00ed. Tento akcent je stylovou volbou pro jednoduch\u00e9 odkl\u00e1dac\u00ed stolky, no\u010dn\u00ed stolky a p\u0159eds\u00ed\u0148ov\u00e9 konzoly.<\/p>\n<p>3cestn\u00fd p\u0159ep\u00edna\u010d usnad\u0148uje p\u0159izp\u016fsoben\u00ed jasu t\u00e9to \u0159emesln\u011b vyroben\u00e9 lampy Sammy. Osv\u011btlete pouze z\u00e1kladnu pro efekt no\u010dn\u00edho sv\u011btla, rozsvi\u0165te pouze st\u00ednidlo pro ka\u017edodenn\u00ed lampu nebo osv\u011btlete ob\u011b pro teplou okoln\u00ed z\u00e1\u0159i. Tento kousek, ru\u010dn\u011b vyroben\u00fd spole\u010dnost\u00ed Kinzig Design, z\u00e1\u0159iv\u00fd odst\u00edn a tkan\u00fd vzor jist\u011b pozvedne v\u00e1\u0161 domov.<\/p>\n<p>Tato aktualizovan\u00e1 minikopie, znovuuveden\u00ed ikonick\u00e9 lampy Nesso z roku 1967, je nezbytn\u00e1 pro ka\u017ed\u00e9ho, kdo hled\u00e1 modern\u00ed minimalistickou estetiku. Socha\u0159sk\u00fd tvar, p\u0159epracovan\u00e1 polykarbon\u00e1tov\u00e1 z\u00e1kladna p\u0159ipom\u00edn\u00e1 elegantn\u00ed tvar tykve a je zakon\u010dena z\u00e1\u0159iv\u011b b\u00edl\u00fdm ln\u011bn\u00fdm st\u00ednidlem, kter\u00e9 rozptyluje sv\u011btlo z jedn\u00e9 13W CFL E26 \u017e\u00e1rovky se st\u0159edn\u00ed patic\u00ed (nen\u00ed sou\u010d\u00e1st\u00ed dod\u00e1vky). Tato nov\u011b interpretovan\u00e1 ikona je kr\u00e1snou volbou pro modern\u00ed odkl\u00e1dac\u00ed stolky, kancel\u00e1\u0159sk\u00e9 stoly a lo\u017enice.<\/p>\n","protected":false},"excerpt":{"rendered":"<p>Stoln\u00ed lampy jsou dokonal\u00fdm akcentem va\u0161eho domova \u2013 a\u0165 u\u017e se jedn\u00e1 o \u010dten\u00ed, z\u00e1bavu nebo jen p\u0159id\u00e1n\u00ed barev a sofistikovanosti. Tyto v\u0161estrann\u00e9 kusy jsou tak\u00e9 velmi praktick\u00e9 a jsou k dispozici v \u0161irok\u00e9 \u0161k\u00e1le styl\u016f, barev a povrchov\u00fdch \u00faprav, aby odpov\u00eddaly estetice jak\u00e9hokoli prostoru. P\u0159i v\u00fdb\u011bru stoln\u00ed lampy vezm\u011bte <a href=\"https:\/\/www.darkove-kose.com\/index.php\/2023\/05\/17\/choosing-a-table-lamp-orange-for-your-home\/\" class=\"btn btn-link continue-link\">Pokra\u010dovat ve \u010dten\u00ed<\/a><\/p>\n","protected":false},"author":1,"featured_media":197,"comment_status":"closed","ping_status":"open","sticky":false,"template":"","format":"standard","meta":{"footnotes":""},"categories":[17],"tags":[],"class_list":["post-183","post","type-post","status-publish","format-standard","has-post-thumbnail","hentry","category-detske-obleceni"],"_links":{"self":[{"href":"https:\/\/www.darkove-kose.com\/index.php\/wp-json\/wp\/v2\/posts\/183","targetHints":{"allow":["GET"]}}],"collection":[{"href":"https:\/\/www.darkove-kose.com\/index.php\/wp-json\/wp\/v2\/posts"}],"about":[{"href":"https:\/\/www.darkove-kose.com\/index.php\/wp-json\/wp\/v2\/types\/post"}],"author":[{"embeddable":true,"href":"https:\/\/www.darkove-kose.com\/index.php\/wp-json\/wp\/v2\/users\/1"}],"replies":[{"embeddable":true,"href":"https:\/\/www.darkove-kose.com\/index.php\/wp-json\/wp\/v2\/comments?post=183"}],"version-history":[{"count":3,"href":"https:\/\/www.darkove-kose.com\/index.php\/wp-json\/wp\/v2\/posts\/183\/revisions"}],"predecessor-version":[{"id":200,"href":"https:\/\/www.darkove-kose.com\/index.php\/wp-json\/wp\/v2\/posts\/183\/revisions\/200"}],"wp:featuredmedia":[{"embeddable":true,"href":"https:\/\/www.darkove-kose.com\/index.php\/wp-json\/wp\/v2\/media\/197"}],"wp:attachment":[{"href":"https:\/\/www.darkove-kose.com\/index.php\/wp-json\/wp\/v2\/media?parent=183"}],"wp:term":[{"taxonomy":"category","embeddable":true,"href":"https:\/\/www.darkove-kose.com\/index.php\/wp-json\/wp\/v2\/categories?post=183"},{"taxonomy":"post_tag","embeddable":true,"href":"https:\/\/www.darkove-kose.com\/index.php\/wp-json\/wp\/v2\/tags?post=183"}],"curies":[{"name":"wp","href":"https:\/\/api.w.org\/{rel}","templated":true}]}}