{"id":252,"date":"2023-08-22T14:20:44","date_gmt":"2023-08-22T12:20:44","guid":{"rendered":"https:\/\/www.darkove-kose.com\/?p=252"},"modified":"2023-09-13T09:43:09","modified_gmt":"2023-09-13T07:43:09","slug":"furniture-designs-latest-for-2023","status":"publish","type":"post","link":"https:\/\/www.darkove-kose.com\/index.php\/2023\/08\/22\/furniture-designs-latest-for-2023\/","title":{"rendered":"Furniture Designs Latest For 2023"},"content":{"rendered":"<p>Od \u0161t\u00edhl\u00fdch siluet a\u017e po r\u00fdhovan\u00e9 \u010daloun\u011bn\u00ed, nejnov\u011bj\u0161\u00ed n\u00e1vrhy n\u00e1bytku p\u0159in\u00e1\u0161ej\u00ed sv\u011b\u017e\u00ed n\u00e1dech klasick\u00fdch styl\u016f. Mezi nejzaj\u00edmav\u011bj\u0161\u00ed trendy leto\u0161n\u00edho roku pat\u0159\u00ed z\u00e1\u0159iv\u00e9 odst\u00edny, neohro\u017een\u00e9 kombinace a \u0159ada materi\u00e1l\u016f, kter\u00e9 spojuj\u00ed p\u0159\u00edrodu s technologi\u00ed pro elegantn\u011b nekonven\u010dn\u00ed styl.<\/p>\n<h4>P\u0159enesen\u00ed venku<\/h4>\n<p>S rostouc\u00edm pov\u011bdom\u00edm o probl\u00e9mech \u017eivotn\u00edho prost\u0159ed\u00ed se mnoho lid\u00ed sna\u017e\u00ed za\u010dlenit v\u00edce zelen\u011b do sv\u00fdch domov\u016f. To plat\u00ed zejm\u00e9na pro n\u00e1bytek, proto\u017ee zelen\u00e9 nebo udr\u017eiteln\u00e9 kusy mohou pomoci vytvo\u0159it uklid\u0148uj\u00edc\u00ed, regenera\u010dn\u00ed prostor, se kter\u00fdm je tak\u00e9 zdrav\u00e9 \u017e\u00edt. O\u010dek\u00e1v\u00e1 se, \u017ee tento trend bude pokra\u010dovat i v roce 2023 s v\u00edce kusy n\u00e1bytku s p\u0159\u00edrodn\u00edm d\u0159evem a jedine\u010dn\u00fdmi vzory.<\/p>\n<h4>Za\u010dlen\u011bn\u00ed zak\u0159iven\u00fdch tvar\u016f<\/h4>\n<p>S v\u011bt\u0161\u00edm d\u016frazem, kter\u00fd je dnes kladen na domov jako p\u0159\u00edjemn\u00e9 m\u00edsto pro setk\u00e1v\u00e1n\u00ed, mohou rovn\u00e9 linie a klinick\u00fd design p\u016fsobit chladn\u011b a nev\u00e1bn\u011b. Chcete-li zah\u0159\u00e1t uspo\u0159\u00e1d\u00e1n\u00ed m\u00edstnosti, zva\u017ete p\u0159id\u00e1n\u00ed trochu k\u0159ivky do va\u0161eho n\u00e1bytku s pln\u00fdmi smysln\u00fdmi tvary nebo jemn\u011b zaoblen\u00fdmi obrysy. Tyto tvary jsou p\u0159\u00edjemn\u00e9 na pohled a p\u0159irozen\u011b p\u0159itahuj\u00ed oko po m\u00edstnosti, vytv\u00e1\u0159ej\u00ed plynulost a zvy\u0161uj\u00ed pocit relaxace.<\/p>\n<p>V\u00fdsledkem je, \u017ee tyto trendy v designu n\u00e1bytku pro rok 2023 zaznamen\u00e1vaj\u00ed st\u00e1le v\u011bt\u0161\u00ed popularitu, proto\u017ee lid\u00e9 se sna\u017e\u00ed p\u0159en\u00e9st ven a vytvo\u0159it klidn\u011bj\u0161\u00ed prostory pro relaxaci. Nav\u00edc se v t\u011bchto zak\u0159iven\u00fdch tvarech m\u016f\u017ee snadn\u011bji orientovat ne\u017e v hranat\u00fdch variant\u00e1ch, co\u017e z nich d\u011bl\u00e1 skv\u011blou volbu pro n\u00e1bytek, kter\u00fd bude slou\u017eit mal\u00fdm d\u011btem a star\u0161\u00edm dosp\u011bl\u00fdm.<\/p>\n<p>Zak\u0159iven\u00e9 tvary v tomto designu n\u00e1bytku jsou tak\u00e9 dopln\u011bny neutr\u00e1ln\u011bj\u0161\u00edmi, zemit\u011bj\u0161\u00edmi barvami. Hn\u011bd\u00e9 t\u00f3ny jsou p\u0159ipraveny vr\u00e1tit se v roce 2023, p\u0159i\u010dem\u017e zemit\u00e9 odst\u00edny jako hlubok\u00e1 moka poskytuj\u00ed pocit stability a ukotvuj\u00ed barevnou paletu m\u00edstnosti. Design\u00e9\u0159i tak\u00e9 pou\u017e\u00edvaj\u00ed v\u00edce p\u0159\u00edrodn\u00edch materi\u00e1l\u016f a \u0159emesln\u00fdch technik, aby tradi\u010dn\u00edmu n\u00e1bytku dodali modern\u00ed n\u00e1dech.<\/p>\n<p>Nap\u0159\u00edklad kolekce sedadel od n\u00e1vrh\u00e1\u0159ky Kelly Wearstler p\u0159edv\u00e1d\u00ed tkan\u00e9 textury v odst\u00ednech od \u010dervenohn\u011bd\u00e9 po syt\u00fd odst\u00edn zelen\u00e9. Podobn\u011b \u0159ada \u017eidl\u00ed a stol\u016f z nov\u00e9 \u0159ady Coenen x Arca pou\u017e\u00edv\u00e1 jako prim\u00e1rn\u00ed materi\u00e1l mramor a jsou bez n\u00e1t\u011br\u016f, lepidel a upev\u0148ovac\u00edch prvk\u016f, aby vytvo\u0159ily soudr\u017enou estetiku.<\/p>\n<p>Dal\u0161\u00edm \u0159emesln\u00fdm design\u00e9rem n\u00e1bytku, kter\u00fd kombinuje modernismus s tradi\u010dn\u00edm \u0159emeslem, je Lee Broom. Broom, b\u00fdval\u00fd student divadla, kombinuje m\u00f3dn\u00ed koncepty s klasick\u00fdmi a sou\u010dasn\u00fdmi styly, aby vytvo\u0159il svou vlastn\u00ed charakteristickou zna\u010dku sofistikovan\u00e9ho, ale pohodln\u00e9ho n\u00e1bytku.<\/p>\n<p>Od odv\u00e1\u017en\u00e9ho, ale pohodln\u00e9ho sezen\u00ed s udr\u017eiteln\u00fdmi materi\u00e1ly a\u017e po vysoce koncep\u010dn\u00ed modul\u00e1rn\u00ed pohovky \u2013 tyto kreativn\u00ed n\u00e1pady na n\u00e1bytek v\u00e1s p\u0159im\u011bj\u00ed p\u0159ehodnotit st\u00e1vaj\u00edc\u00ed uspo\u0159\u00e1d\u00e1n\u00ed va\u0161eho domova. Chcete-li inspirovat sv\u016fj vlastn\u00ed redesign, nezapome\u0148te se pod\u00edvat na nejnov\u011bj\u0161\u00ed n\u00e1vrhy n\u00e1bytku na ICFF a WantedDesign Manhattan. Pak zami\u0159te do m\u00edstn\u00edho showroomu n\u00e1bytku a najd\u011bte ten, kter\u00fd se perfektn\u011b hod\u00ed pro v\u00e1\u0161 jedine\u010dn\u00fd styl.<\/p>\n","protected":false},"excerpt":{"rendered":"<p>Od \u0161t\u00edhl\u00fdch siluet a\u017e po r\u00fdhovan\u00e9 \u010daloun\u011bn\u00ed, nejnov\u011bj\u0161\u00ed n\u00e1vrhy n\u00e1bytku p\u0159in\u00e1\u0161ej\u00ed sv\u011b\u017e\u00ed n\u00e1dech klasick\u00fdch styl\u016f. Mezi nejzaj\u00edmav\u011bj\u0161\u00ed trendy leto\u0161n\u00edho roku pat\u0159\u00ed z\u00e1\u0159iv\u00e9 odst\u00edny, neohro\u017een\u00e9 kombinace a \u0159ada materi\u00e1l\u016f, kter\u00e9 spojuj\u00ed p\u0159\u00edrodu s technologi\u00ed pro elegantn\u011b nekonven\u010dn\u00ed styl. P\u0159enesen\u00ed venku S rostouc\u00edm pov\u011bdom\u00edm o probl\u00e9mech \u017eivotn\u00edho prost\u0159ed\u00ed se mnoho lid\u00ed sna\u017e\u00ed <a href=\"https:\/\/www.darkove-kose.com\/index.php\/2023\/08\/22\/furniture-designs-latest-for-2023\/\" class=\"btn btn-link continue-link\">Pokra\u010dovat ve \u010dten\u00ed<\/a><\/p>\n","protected":false},"author":1,"featured_media":257,"comment_status":"closed","ping_status":"open","sticky":false,"template":"","format":"standard","meta":{"footnotes":""},"categories":[5],"tags":[],"class_list":["post-252","post","type-post","status-publish","format-standard","has-post-thumbnail","hentry","category-zidle"],"_links":{"self":[{"href":"https:\/\/www.darkove-kose.com\/index.php\/wp-json\/wp\/v2\/posts\/252","targetHints":{"allow":["GET"]}}],"collection":[{"href":"https:\/\/www.darkove-kose.com\/index.php\/wp-json\/wp\/v2\/posts"}],"about":[{"href":"https:\/\/www.darkove-kose.com\/index.php\/wp-json\/wp\/v2\/types\/post"}],"author":[{"embeddable":true,"href":"https:\/\/www.darkove-kose.com\/index.php\/wp-json\/wp\/v2\/users\/1"}],"replies":[{"embeddable":true,"href":"https:\/\/www.darkove-kose.com\/index.php\/wp-json\/wp\/v2\/comments?post=252"}],"version-history":[{"count":2,"href":"https:\/\/www.darkove-kose.com\/index.php\/wp-json\/wp\/v2\/posts\/252\/revisions"}],"predecessor-version":[{"id":260,"href":"https:\/\/www.darkove-kose.com\/index.php\/wp-json\/wp\/v2\/posts\/252\/revisions\/260"}],"wp:featuredmedia":[{"embeddable":true,"href":"https:\/\/www.darkove-kose.com\/index.php\/wp-json\/wp\/v2\/media\/257"}],"wp:attachment":[{"href":"https:\/\/www.darkove-kose.com\/index.php\/wp-json\/wp\/v2\/media?parent=252"}],"wp:term":[{"taxonomy":"category","embeddable":true,"href":"https:\/\/www.darkove-kose.com\/index.php\/wp-json\/wp\/v2\/categories?post=252"},{"taxonomy":"post_tag","embeddable":true,"href":"https:\/\/www.darkove-kose.com\/index.php\/wp-json\/wp\/v2\/tags?post=252"}],"curies":[{"name":"wp","href":"https:\/\/api.w.org\/{rel}","templated":true}]}}