{"id":289,"date":"2024-04-08T05:57:47","date_gmt":"2024-04-08T03:57:47","guid":{"rendered":"https:\/\/www.darkove-kose.com\/index.php\/2024\/04\/08\/stylova-loznice-s-pracovni-lampou\/"},"modified":"2024-04-08T05:57:47","modified_gmt":"2024-04-08T03:57:47","slug":"stylova-loznice-s-pracovni-lampou","status":"publish","type":"post","link":"https:\/\/www.darkove-kose.com\/index.php\/2024\/04\/08\/stylova-loznice-s-pracovni-lampou\/","title":{"rendered":"Stylov\u00e1 lo\u017enice s pracovn\u00ed lampou"},"content":{"rendered":"<p>Stylov\u00e1 lo\u017enice s pracovn\u00ed lampou je d\u016fle\u017eit\u00fdm prvkem pro ka\u017ed\u00e9ho, kdo chce m\u00edt v lo\u017enici prostor, kter\u00fd je z\u00e1rove\u0148 produktivn\u00ed a relaxa\u010dn\u00ed. Pracovn\u00ed lampa je nezbytn\u00e1 pro ty, kte\u0159\u00ed r\u00e1di \u010dtou v posteli, pracuj\u00ed na sv\u00e9m notebooku nebo si jen pot\u0159ebuj\u00ed rozsv\u00edtit prostor p\u0159i pr\u00e1ci. Stylov\u00e1 lo\u017enice s pracovn\u00ed lampou m\u016f\u017ee b\u00fdt skv\u011bl\u00fdm m\u00edstem pro relaxaci a soust\u0159ed\u011bn\u00ed se na pr\u00e1ci.<\/p>\n<h2> Prvky stylov\u00e9 lo\u017enice s pracovn\u00ed lampou<\/h2>\n<p>Stylov\u00e1 lo\u017enice s pracovn\u00ed lampou se skl\u00e1d\u00e1 z n\u011bkolika kl\u00ed\u010dov\u00fdch prvk\u016f, kter\u00e9 ji d\u011blaj\u00ed stylovou a funk\u010dn\u00ed. Pat\u0159\u00ed sem n\u00e1bytek, osv\u011btlen\u00ed a dekorace. N\u00e1bytek by m\u011bl b\u00fdt pohodln\u00fd a praktick\u00fd, aby spl\u0148oval pot\u0159eby u\u017eivatele. Osv\u011btlen\u00ed by m\u011blo b\u00fdt dostate\u010dn\u011b jasn\u00e9 a p\u0159izp\u016fsobiteln\u00e9, aby se dalo pou\u017e\u00edt jak p\u0159i pr\u00e1ci, tak p\u0159i relaxaci. Dekorace by m\u011bly b\u00fdt vkusn\u00e9 a osobit\u00e9, aby vytvo\u0159ily p\u0159\u00edjemnou atmosf\u00e9ru.<\/p>\n<h2> Jak vybrat spr\u00e1vnou pracovn\u00ed lampu pro va\u0161i lo\u017enici<\/h2>\n<p>P\u0159i v\u00fdb\u011bru pracovn\u00ed lampy pro lo\u017enici je d\u016fle\u017eit\u00e9 zv\u00e1\u017eit n\u011bkolik faktor\u016f. Velikost lampy by m\u011bla odpov\u00eddat velikosti postele a prostoru, ve kter\u00e9m bude um\u00edst\u011bna. Jas lampy by m\u011bl b\u00fdt dostate\u010dn\u00fd pro pr\u00e1ci, ale z\u00e1rove\u0148 by nem\u011bl b\u00fdt p\u0159\u00edli\u0161 ru\u0161iv\u00fd p\u0159i relaxaci. Styl lampy by m\u011bl ladit s celkov\u00fdm designem lo\u017enice a vyjad\u0159ovat osobnost u\u017eivatele.<\/p>\n<h2> N\u00e1pady na v\u00fdzdobu stylov\u00e9 lo\u017enice s pracovn\u00ed lampou<\/h2>\n<p>V\u00fdzdoba stylov\u00e9 lo\u017enice s pracovn\u00ed lampou m\u016f\u017ee zahrnovat r\u016fzn\u00e9 prvky, jako jsou um\u011bleck\u00e1 d\u00edla, rostliny a textilie. Um\u011bleck\u00e1 d\u00edla mohou p\u0159idat do lo\u017enice osobitost a zaj\u00edmavost. Rostliny mohou p\u0159in\u00e9st do prostoru \u017eivost a \u010derstvost. Textilie, jako jsou pol\u0161t\u00e1\u0159e a p\u0159ehozy, mohou p\u0159idat do lo\u017enice pohodl\u00ed a \u00fatulnost.<\/p>\n<h2> Vhodn\u00e9 barvy pro stylovou lo\u017enici s pracovn\u00ed lampou<\/h2>\n<p>Barvy hraj\u00ed v lo\u017enici d\u016fle\u017eitou roli p\u0159i vytv\u00e1\u0159en\u00ed atmosf\u00e9ry. Vhodn\u00e9 barvy pro stylovou lo\u017enici s pracovn\u00ed lampou jsou ty, kter\u00e9 podporuj\u00ed relaxaci a produktivitu. Nap\u0159\u00edklad tepl\u00e9 barvy, jako je b\u00e9\u017eov\u00e1 a hn\u011bd\u00e1, mohou vytv\u00e1\u0159et pocit \u00fatulnosti a pohody. Naopak studen\u00e9 barvy, jako je modr\u00e1 a fialov\u00e1, mohou podporovat klid a soust\u0159ed\u011bn\u00ed.<\/p>\n<h2> Vytvo\u0159en\u00ed \u00fatuln\u00e9 atmosf\u00e9ry v lo\u017enici s pracovn\u00ed lampou<\/h2>\n<p><img decoding=\"async\" src=\"https:\/\/www.darkove-kose.com\/wp-content\/uploads\/2024\/04\/image.jpg\" style=\"max-width:100%;display:block;margin-left:auto;margin-right:auto;width:70%;\"><\/p>\n<p>Pro vytvo\u0159en\u00ed \u00fatuln\u00e9 atmosf\u00e9ry v lo\u017enici s pracovn\u00ed lampou je d\u016fle\u017eit\u00e9 spr\u00e1vn\u011b pou\u017e\u00edvat osv\u011btlen\u00ed a dekorace. Osv\u011btlen\u00ed by m\u011blo b\u00fdt dostate\u010dn\u011b jemn\u00e9 a p\u0159izp\u016fsobiteln\u00e9, aby se dalo pou\u017e\u00edt p\u0159i relaxaci. Dekorace by m\u011bly b\u00fdt vkusn\u00e9 a osobit\u00e9, aby vytvo\u0159ily p\u0159\u00edjemnou atmosf\u00e9ru.<\/p>\n<h2> Nejnov\u011bj\u0161\u00ed trendy ve stylov\u00fdch lo\u017enic\u00edch s pracovn\u00ed lampou<\/h2>\n<p>Nejnov\u011bj\u0161\u00ed trendy ve stylov\u00e9m designu lo\u017enic se zam\u011b\u0159uj\u00ed na za\u010dlen\u011bn\u00ed pracovn\u00ed lampy do prostoru. Pat\u0159\u00ed sem r\u016fzn\u00e9 styly a trendy, kter\u00e9 mohou b\u00fdt za\u010dlen\u011bny do lo\u017enice s pracovn\u00ed lampou.<\/p>\n<h2> Nejlep\u0161\u00ed n\u00e1bytek pro stylovou lo\u017enici s pracovn\u00ed lampou<\/h2>\n<p>Nejlep\u0161\u00ed n\u00e1bytek pro stylovou lo\u017enici s pracovn\u00ed lampou by m\u011bl b\u00fdt funk\u010dn\u00ed a vkusn\u00fd. Pat\u0159\u00ed sem nap\u0159\u00edklad pohodln\u00e1 postel, pracovn\u00ed st\u016fl a \u00falo\u017en\u00e9 prostory pro ukl\u00e1d\u00e1n\u00ed v\u011bc\u00ed.<\/p>\n<h2> Nejlep\u0161\u00ed zp\u016fsoby \u010di\u0161t\u011bn\u00ed a \u00fadr\u017eby lo\u017enice s pracovn\u00ed lampou<\/h2>\n<p>Pro udr\u017een\u00ed lo\u017enice s pracovn\u00ed lampou \u010dist\u00e9 a organizovan\u00e9 je d\u016fle\u017eit\u00e9 dodr\u017eovat n\u011bkolik z\u00e1sad. Pat\u0159\u00ed sem pravideln\u00e9 v\u011btr\u00e1n\u00ed, pravideln\u00e9 \u010di\u0161t\u011bn\u00ed a udr\u017eov\u00e1n\u00ed pracovn\u00ed lampy a dal\u0161\u00edch dekorac\u00ed.<\/p>\n<h2> Kde hledat inspiraci pro vytvo\u0159en\u00ed stylov\u00e9 lo\u017enice s pracovn\u00ed lampou<\/h2>\n<p>Inspiraci pro design lo\u017enice s pracovn\u00ed lampou m\u016f\u017eete hledat na r\u016fzn\u00fdch online zdroj\u00edch, jako jsou webov\u00e9 str\u00e1nky a soci\u00e1ln\u00ed m\u00e9dia, nebo v \u010dasopisech o bydlen\u00ed. D\u016fle\u017eit\u00e9 je tak\u00e9 za\u010dlenit do lo\u017enice sv\u016fj osobn\u00ed styl a preference.<\/p>\n","protected":false},"excerpt":{"rendered":"<p>Stylov\u00e1 lo\u017enice s pracovn\u00ed lampou je d\u016fle\u017eit\u00fdm prvkem pro ka\u017ed\u00e9ho, kdo chce m\u00edt v lo\u017enici prostor, kter\u00fd je z\u00e1rove\u0148 produktivn\u00ed a relaxa\u010dn\u00ed. Pracovn\u00ed lampa je nezbytn\u00e1 pro ty, kte\u0159\u00ed r\u00e1di \u010dtou v posteli, pracuj\u00ed na sv\u00e9m notebooku nebo si jen pot\u0159ebuj\u00ed rozsv\u00edtit prostor p\u0159i pr\u00e1ci. Stylov\u00e1 lo\u017enice s pracovn\u00ed lampou <a href=\"https:\/\/www.darkove-kose.com\/index.php\/2024\/04\/08\/stylova-loznice-s-pracovni-lampou\/\" class=\"btn btn-link continue-link\">Pokra\u010dovat ve \u010dten\u00ed<\/a><\/p>\n","protected":false},"author":1,"featured_media":0,"comment_status":"open","ping_status":"open","sticky":false,"template":"","format":"standard","meta":{"footnotes":""},"categories":[10],"tags":[],"class_list":["post-289","post","type-post","status-publish","format-standard","hentry","category-stolni-lampa"],"_links":{"self":[{"href":"https:\/\/www.darkove-kose.com\/index.php\/wp-json\/wp\/v2\/posts\/289","targetHints":{"allow":["GET"]}}],"collection":[{"href":"https:\/\/www.darkove-kose.com\/index.php\/wp-json\/wp\/v2\/posts"}],"about":[{"href":"https:\/\/www.darkove-kose.com\/index.php\/wp-json\/wp\/v2\/types\/post"}],"author":[{"embeddable":true,"href":"https:\/\/www.darkove-kose.com\/index.php\/wp-json\/wp\/v2\/users\/1"}],"replies":[{"embeddable":true,"href":"https:\/\/www.darkove-kose.com\/index.php\/wp-json\/wp\/v2\/comments?post=289"}],"version-history":[{"count":0,"href":"https:\/\/www.darkove-kose.com\/index.php\/wp-json\/wp\/v2\/posts\/289\/revisions"}],"wp:attachment":[{"href":"https:\/\/www.darkove-kose.com\/index.php\/wp-json\/wp\/v2\/media?parent=289"}],"wp:term":[{"taxonomy":"category","embeddable":true,"href":"https:\/\/www.darkove-kose.com\/index.php\/wp-json\/wp\/v2\/categories?post=289"},{"taxonomy":"post_tag","embeddable":true,"href":"https:\/\/www.darkove-kose.com\/index.php\/wp-json\/wp\/v2\/tags?post=289"}],"curies":[{"name":"wp","href":"https:\/\/api.w.org\/{rel}","templated":true}]}}