{"id":4107,"date":"2025-04-07T05:20:04","date_gmt":"2025-04-07T03:20:04","guid":{"rendered":"https:\/\/www.darkove-kose.com\/index.php\/2025\/04\/07\/moderni-akrylovy-lustr-do-obyvaciho-pokoje\/"},"modified":"2025-04-07T05:20:04","modified_gmt":"2025-04-07T03:20:04","slug":"moderni-akrylovy-lustr-do-obyvaciho-pokoje","status":"publish","type":"post","link":"https:\/\/www.darkove-kose.com\/index.php\/2025\/04\/07\/moderni-akrylovy-lustr-do-obyvaciho-pokoje\/","title":{"rendered":"Modern\u00ed akrylov\u00fd lustr do ob\u00fdvac\u00edho pokoje"},"content":{"rendered":"<p>P\u0159i v\u00fdb\u011bru spr\u00e1vn\u00e9ho designu osv\u011btlen\u00ed je kl\u00ed\u010dov\u00e9 zohlednit nejen estetick\u00e9 preference, ale tak\u00e9 funk\u010dnost a \u00fa\u010del, pro kter\u00fd je osv\u011btlen\u00ed ur\u010deno. R\u016fzn\u00e9 prostory vy\u017eaduj\u00ed odli\u0161n\u00e9 p\u0159\u00edstupy k designu. Nap\u0159\u00edklad v ob\u00fdvac\u00edm pokoji, kde se rodina sch\u00e1z\u00ed a tr\u00e1v\u00ed \u010das spole\u010dn\u011b, je d\u016fle\u017eit\u00e9 zvolit osv\u011btlen\u00ed, kter\u00e9 vytv\u00e1\u0159\u00ed p\u0159\u00edjemnou atmosf\u00e9ru. <\/p>\n<p>M\u011bkk\u00e9, tepl\u00e9 sv\u011btlo m\u016f\u017ee podpo\u0159it pocit \u00fatulnosti a pohody. Na druhou stranu, v pracovn\u00edm prostoru je d\u016fle\u017eit\u00e9 m\u00edt dostate\u010dn\u011b jasn\u00e9 a koncentrovan\u00e9 osv\u011btlen\u00ed, kter\u00e9 podporuje produktivitu a soust\u0159ed\u011bn\u00ed. Dal\u0161\u00edm faktorem, kter\u00fd by m\u011bl b\u00fdt p\u0159i v\u00fdb\u011bru designu zohledn\u011bn, je styl interi\u00e9ru. <\/p>\n<p>Modern\u00ed minimalistick\u00e9 prostory mohou vy\u017eadovat jednoduch\u00e9 a elegantn\u00ed sv\u00edtidla, zat\u00edmco rustik\u00e1ln\u00ed nebo vintage interi\u00e9ry mohou t\u011b\u017eit z bohat\u011b zdoben\u00fdch lamp a lustr\u016f. Je tak\u00e9 dobr\u00e9 m\u00edt na pam\u011bti, \u017ee design osv\u011btlen\u00ed by m\u011bl harmonizovat s ostatn\u00edmi prvky v m\u00edstnosti, jako jsou n\u00e1bytek, barvy st\u011bn a dekorace. Vytvo\u0159en\u00ed jednotn\u00e9ho vzhledu m\u016f\u017ee v\u00fdrazn\u011b p\u0159isp\u011bt k celkov\u00e9mu dojmu z prostoru.<\/p>\n<h2> V\u00fdhody akrylov\u00e9ho materi\u00e1lu<\/h2>\n<p>Akryl je materi\u00e1l, kter\u00fd se v posledn\u00edch letech stal velmi popul\u00e1rn\u00edm v oblasti osv\u011btlen\u00ed. Jeho hlavn\u00ed v\u00fdhodou je lehkost a odolnost. Na rozd\u00edl od skla, kter\u00e9 m\u016f\u017ee b\u00fdt k\u0159ehk\u00e9 a t\u011b\u017ek\u00e9, akryl nab\u00edz\u00ed stejnou pr\u016fhlednost a estetiku, ale s mnohem ni\u017e\u0161\u00ed hmotnost\u00ed. <\/p>\n<p>To usnad\u0148uje manipulaci s akrylov\u00fdmi sv\u00edtidly a jejich instalaci. Akryl tak\u00e9 odol\u00e1v\u00e1 n\u00e1raz\u016fm a je m\u00e9n\u011b n\u00e1chyln\u00fd k rozbit\u00ed, co\u017e z n\u011bj \u010din\u00ed ide\u00e1ln\u00ed volbu pro dom\u00e1cnosti s d\u011btmi nebo dom\u00e1c\u00edmi mazl\u00ed\u010dky. Dal\u0161\u00ed v\u00fdhodou akrylov\u00e9ho materi\u00e1lu je jeho schopnost rozptylovat sv\u011btlo. <\/p>\n<p>Akrylov\u00e9 panely mohou b\u00fdt navr\u017eeny tak, aby rovnom\u011brn\u011b rozptylovaly sv\u011btlo po cel\u00e9 m\u00edstnosti, co\u017e eliminuje tmav\u00e9 kouty a zaji\u0161\u0165uje p\u0159\u00edjemn\u00e9 osv\u011btlen\u00ed. Tento efekt je zvl\u00e1\u0161t\u011b d\u016fle\u017eit\u00fd v komer\u010dn\u00edch prostor\u00e1ch, jako jsou kancel\u00e1\u0159e nebo obchody, kde je pot\u0159eba zajistit optim\u00e1ln\u00ed viditelnost pro z\u00e1kazn\u00edky i zam\u011bstnance. Akryl tak\u00e9 umo\u017e\u0148uje \u0161irokou \u0161k\u00e1lu barevn\u00fdch variant a povrchov\u00fdch \u00faprav, co\u017e d\u00e1v\u00e1 design\u00e9r\u016fm v\u011bt\u0161\u00ed flexibilitu p\u0159i vytv\u00e1\u0159en\u00ed unik\u00e1tn\u00edch sv\u00edtidel.<\/p>\n<h2> Modern\u00ed technologick\u00e9 prvky<\/h2>\n<p>V posledn\u00edch letech se do oblasti osv\u011btlen\u00ed dostalo mnoho modern\u00edch technologick\u00fdch prvk\u016f, kter\u00e9 m\u011bn\u00ed zp\u016fsob, jak\u00fdm interagujeme s na\u0161\u00edm osv\u011btlen\u00edm. Jedn\u00edm z nejv\u00fdznamn\u011bj\u0161\u00edch trend\u016f je integrace chytr\u00e9 technologie do sv\u00edtidel. Chytr\u00e9 \u017e\u00e1rovky a sv\u00edtidla umo\u017e\u0148uj\u00ed u\u017eivatel\u016fm ovl\u00e1dat intenzitu sv\u011btla, barvu a dokonce i \u010dasov\u00e1n\u00ed osv\u011btlen\u00ed pomoc\u00ed mobiln\u00edch aplikac\u00ed nebo hlasov\u00fdch asistent\u016f. <\/p>\n<p>Tato technologie nejen\u017ee zvy\u0161uje pohodl\u00ed, ale tak\u00e9 p\u0159isp\u00edv\u00e1 k energetick\u00e9 efektivit\u011b t\u00edm, \u017ee umo\u017e\u0148uje u\u017eivatel\u016fm optimalizovat spot\u0159ebu energie. Dal\u0161\u00edm zaj\u00edmav\u00fdm technologick\u00fdm prvkem je pou\u017eit\u00ed LED diod, kter\u00e9 se staly standardem v modern\u00edm osv\u011btlen\u00ed. LED diody maj\u00ed mnohem del\u0161\u00ed \u017eivotnost ne\u017e tradi\u010dn\u00ed \u017e\u00e1rovky a spot\u0159ebov\u00e1vaj\u00ed mnohem m\u00e9n\u011b energie. <\/p>\n<p>D\u00edky tomu jsou nejen ekologi\u010dt\u011bj\u0161\u00ed, ale tak\u00e9 ekonomi\u010dt\u011bj\u0161\u00ed na provoz. Nav\u00edc LED technologie umo\u017e\u0148uje v\u00fdrobu sv\u00edtidel v r\u016fzn\u00fdch tvarech a velikostech, co\u017e d\u00e1v\u00e1 design\u00e9r\u016fm v\u011bt\u0161\u00ed svobodu p\u0159i vytv\u00e1\u0159en\u00ed inovativn\u00edch a atraktivn\u00edch produkt\u016f.<\/p>\n<h2> Mo\u017enosti osv\u011btlen\u00ed a regulace<\/h2>\n<p>Mo\u017enosti osv\u011btlen\u00ed a regulace jsou kl\u00ed\u010dov\u00fdmi faktory p\u0159i n\u00e1vrhu efektivn\u00edho osv\u011btlen\u00ed pro jak\u00fdkoli prostor. Dobr\u00fd pl\u00e1n osv\u011btlen\u00ed by m\u011bl zahrnovat r\u016fzn\u00e9 \u00farovn\u011b intenzity sv\u011btla pro r\u016fzn\u00e9 \u010dinnosti a atmosf\u00e9ry. Nap\u0159\u00edklad v kuchyni m\u016f\u017ee b\u00fdt pot\u0159eba jasn\u00e9 pracovn\u00ed osv\u011btlen\u00ed p\u0159i va\u0159en\u00ed, zat\u00edmco v ob\u00fdvac\u00edm pokoji m\u016f\u017ee b\u00fdt vhodn\u011bj\u0161\u00ed tlumen\u00e9 sv\u011btlo pro relaxaci. <\/p>\n<p>Regulace intenzity sv\u011btla pomoc\u00ed stm\u00edva\u010d\u016f nebo chytr\u00fdch syst\u00e9m\u016f umo\u017e\u0148uje u\u017eivatel\u016fm p\u0159izp\u016fsobit osv\u011btlen\u00ed podle aktu\u00e1ln\u00edch pot\u0159eb. Krom\u011b regulace intenzity sv\u011btla je tak\u00e9 d\u016fle\u017eit\u00e9 zv\u00e1\u017eit mo\u017enosti barevn\u00e9ho osv\u011btlen\u00ed. Modern\u00ed technologie umo\u017e\u0148uj\u00ed u\u017eivatel\u016fm m\u011bnit barvu sv\u011btla podle n\u00e1lady nebo p\u0159\u00edle\u017eitosti. <\/p>\n<p>Nap\u0159\u00edklad tepl\u00e9 b\u00edl\u00e9 sv\u011btlo m\u016f\u017ee b\u00fdt ide\u00e1ln\u00ed pro ve\u010dern\u00ed relaxaci, zat\u00edmco studen\u00e9 b\u00edl\u00e9 sv\u011btlo m\u016f\u017ee podpo\u0159it soust\u0159ed\u011bn\u00ed b\u011bhem pracovn\u00edho dne. Tato flexibilita v regulaci osv\u011btlen\u00ed p\u0159isp\u00edv\u00e1 k celkov\u00e9mu komfortu a funk\u010dnosti prostoru.<\/p>\n<h2> Mont\u00e1\u017e a \u00fadr\u017eba<\/h2>\n<p>Mont\u00e1\u017e a \u00fadr\u017eba osv\u011btlen\u00ed jsou aspekty, kter\u00e9 by nem\u011bly b\u00fdt opom\u00edjeny p\u0159i pl\u00e1nov\u00e1n\u00ed nov\u00e9ho osv\u011btlen\u00ed. Spr\u00e1vn\u00e1 instalace sv\u00edtidel je kl\u00ed\u010dov\u00e1 pro jejich efektivn\u00ed fungov\u00e1n\u00ed a bezpe\u010dnost. Je d\u016fle\u017eit\u00e9 dodr\u017eovat pokyny v\u00fdrobce a v p\u0159\u00edpad\u011b pot\u0159eby se obr\u00e1tit na odborn\u00edka, zejm\u00e9na pokud se jedn\u00e1 o slo\u017eit\u011bj\u0161\u00ed syst\u00e9my nebo elektrick\u00e9 instalace. <\/p>\n<p>Krom\u011b toho by m\u011bla b\u00fdt v\u011bnov\u00e1na pozornost um\u00edst\u011bn\u00ed sv\u00edtidel tak, aby byla optim\u00e1ln\u011b rozm\u00edst\u011bna po cel\u00e9m prostoru. \u00dadr\u017eba osv\u011btlen\u00ed zahrnuje pravidelnou kontrolu a \u010di\u0161t\u011bn\u00ed sv\u00edtidel, aby se zajistila jejich dlouh\u00e1 \u017eivotnost a efektivn\u00ed v\u00fdkon. Prach a ne\u010distoty mohou ovlivnit kvalitu sv\u011btla a sn\u00ed\u017eit \u00fa\u010dinnost sv\u00edtidel. <\/p>\n<p>U LED technologi\u00ed je \u00fadr\u017eba obvykle minim\u00e1ln\u00ed, ale i tak je dobr\u00e9 pravideln\u011b kontrolovat kabely a spojen\u00ed pro p\u0159\u00edpadn\u00e9 opot\u0159eben\u00ed nebo po\u0161kozen\u00ed. Spr\u00e1vn\u00e1 p\u00e9\u010de o osv\u011btlen\u00ed nejen prodlu\u017euje jeho \u017eivotnost, ale tak\u00e9 zaji\u0161\u0165uje bezpe\u010dnost u\u017eivatel\u016f.<\/p>\n<h2> Bezpe\u010dnostn\u00ed aspekty<\/h2>\n<p>Bezpe\u010dnostn\u00ed aspekty osv\u011btlen\u00ed jsou z\u00e1sadn\u00ed pro ochranu u\u017eivatel\u016f a prevenci nehod. P\u0159i v\u00fdb\u011bru sv\u00edtidel je d\u016fle\u017eit\u00e9 zohlednit jejich certifikace a normy, kter\u00e9 zaru\u010duj\u00ed jejich bezpe\u010dnost p\u0159i pou\u017e\u00edv\u00e1n\u00ed. Nap\u0159\u00edklad sv\u00edtidla ur\u010den\u00e1 do vlhk\u00fdch prostor by m\u011bla m\u00edt odpov\u00eddaj\u00edc\u00ed stupe\u0148 ochrany proti vod\u011b a vlhkosti, aby se p\u0159ede\u0161lo riziku elektrick\u00e9ho \u0161oku nebo po\u017e\u00e1ru. <\/p>\n<p>Dal\u0161\u00edm d\u016fle\u017eit\u00fdm aspektem je spr\u00e1vn\u00e9 um\u00edst\u011bn\u00ed sv\u00edtidel. Osv\u011btlen\u00ed by m\u011blo b\u00fdt um\u00edst\u011bno tak, aby minimalizovalo riziko zakopnut\u00ed nebo p\u00e1du. Venkovn\u00ed osv\u011btlen\u00ed by m\u011blo b\u00fdt dostate\u010dn\u011b jasn\u00e9 na to, aby osv\u011btlilo cesty a schody, zat\u00edmco vnit\u0159n\u00ed osv\u011btlen\u00ed by m\u011blo b\u00fdt strategicky rozm\u00edst\u011bno tak, aby eliminovalo tmav\u00e9 kouty. <\/p>\n<p>Pou\u017eit\u00ed bezpe\u010dnostn\u00edch prvk\u016f jako jsou pojistky nebo detektory pohybu m\u016f\u017ee tak\u00e9 p\u0159isp\u011bt k celkov\u00e9 bezpe\u010dnosti prostoru.<\/p>\n<h2> Dopl\u0148ky a p\u0159\u00edslu\u0161enstv\u00ed<\/h2>\n<p>Dopl\u0148ky a p\u0159\u00edslu\u0161enstv\u00ed hraj\u00ed v\u00fdznamnou roli p\u0159i vytv\u00e1\u0159en\u00ed celkov\u00e9ho dojmu z osv\u011btlen\u00ed v interi\u00e9ru. R\u016fzn\u00e9 typy st\u00ednidel, lampi\u010dek nebo dekorativn\u00edch prvk\u016f mohou dodat osobit\u00fd charakter ka\u017ed\u00e9mu prostoru. Nap\u0159\u00edklad pou\u017eit\u00ed barevn\u00fdch st\u00ednidel m\u016f\u017ee zm\u011bnit atmosf\u00e9ru m\u00edstnosti a p\u0159idat j\u00ed na zaj\u00edmavosti. <\/p>\n<p>Dopl\u0148ky jako jsou z\u00e1v\u011bsn\u00e9 lampy nebo stojac\u00ed lampy mohou slou\u017eit nejen jako zdroj sv\u011btla, ale tak\u00e9 jako designov\u00fd prvek. Krom\u011b estetick\u00fdch dopl\u0148k\u016f existuj\u00ed tak\u00e9 praktick\u00e9 p\u0159\u00edslu\u0161enstv\u00ed pro regulaci osv\u011btlen\u00ed. Stm\u00edva\u010de, d\u00e1lkov\u00e9 ovlada\u010de nebo chytr\u00e9 ovl\u00e1dac\u00ed panely umo\u017e\u0148uj\u00ed u\u017eivatel\u016fm snadno m\u011bnit intenzitu a barvu sv\u011btla podle aktu\u00e1ln\u00edch pot\u0159eb. <\/p>\n<p>Tyto prvky zvy\u0161uj\u00ed komfort pou\u017e\u00edv\u00e1n\u00ed osv\u011btlen\u00ed a p\u0159isp\u00edvaj\u00ed k celkov\u00e9mu z\u00e1\u017eitku z prostoru.<\/p>\n<h2> Trendy v oblasti modern\u00edho osv\u011btlen\u00ed<\/h2>\n<p>Trendy v oblasti modern\u00edho osv\u011btlen\u00ed se neust\u00e1le vyv\u00edjej\u00ed a odr\u00e1\u017eej\u00ed aktu\u00e1ln\u00ed preference spot\u0159ebitel\u016f i technologick\u00fd pokrok. V sou\u010dasnosti se st\u00e1le v\u00edce prosazuje udr\u017eitelnost a ekologick\u00e9 p\u0159\u00edstupy k osv\u011btlen\u00ed. Spot\u0159ebitel\u00e9 hledaj\u00ed energeticky efektivn\u00ed \u0159e\u0161en\u00ed, kter\u00e1 minimalizuj\u00ed dopad na \u017eivotn\u00ed prost\u0159ed\u00ed. <\/p>\n<p>LED technologie se stala standardem d\u00edky sv\u00e9 dlouh\u00e9 \u017eivotnosti a n\u00edzk\u00e9 spot\u0159eb\u011b energie. Dal\u0161\u00edm trendem je personalizace osv\u011btlen\u00ed. U\u017eivatel\u00e9 cht\u011bj\u00ed m\u00edt mo\u017enost p\u0159izp\u016fsobit si sv\u00e9 osv\u011btlen\u00ed podle vlastn\u00edch pot\u0159eb a vkusu. <\/p>\n<p>Chytr\u00e9 dom\u00e1cnosti nab\u00edzej\u00ed \u0161irok\u00e9 mo\u017enosti nastaven\u00ed barevn\u00e9ho spektra a intenzity sv\u011btla pomoc\u00ed mobiln\u00edch aplikac\u00ed nebo hlasov\u00fdch asistent\u016f. Tento trend sm\u011b\u0159uje k v\u011bt\u0161\u00ed interaktivit\u011b mezi u\u017eivateli a jejich prost\u0159ed\u00edm, co\u017e p\u0159isp\u00edv\u00e1 k celkov\u00e9mu komfortu bydlen\u00ed. V posledn\u00ed dob\u011b se tak\u00e9 objevuje n\u00e1vrat k p\u0159\u00edrodn\u00edm materi\u00e1l\u016fm v designu sv\u00edtidel. <\/p>\n<p>D\u0159evo, ratan nebo kovov\u00e9 prvky se kombinuj\u00ed s modern\u00edmi technologiemi pro vytvo\u0159en\u00ed harmonick\u00e9ho spojen\u00ed mezi p\u0159\u00edrodou a technologi\u00ed. Tento trend reflektuje touhu po \u00fatuln\u00e9m a p\u0159\u00edjemn\u00e9m prost\u0159ed\u00ed, kter\u00e9 podporuje pohodu obyvatel domu \u010di bytu.<\/p>\n","protected":false},"excerpt":{"rendered":"<p>P\u0159i v\u00fdb\u011bru spr\u00e1vn\u00e9ho designu osv\u011btlen\u00ed je kl\u00ed\u010dov\u00e9 zohlednit nejen estetick\u00e9 preference, ale tak\u00e9 funk\u010dnost a \u00fa\u010del, pro kter\u00fd je osv\u011btlen\u00ed ur\u010deno. R\u016fzn\u00e9 prostory vy\u017eaduj\u00ed odli\u0161n\u00e9 p\u0159\u00edstupy k designu. Nap\u0159\u00edklad v ob\u00fdvac\u00edm pokoji, kde se rodina sch\u00e1z\u00ed a tr\u00e1v\u00ed \u010das spole\u010dn\u011b, je d\u016fle\u017eit\u00e9 zvolit osv\u011btlen\u00ed, kter\u00e9 vytv\u00e1\u0159\u00ed p\u0159\u00edjemnou atmosf\u00e9ru. M\u011bkk\u00e9, tepl\u00e9 <a href=\"https:\/\/www.darkove-kose.com\/index.php\/2025\/04\/07\/moderni-akrylovy-lustr-do-obyvaciho-pokoje\/\" class=\"btn btn-link continue-link\">Pokra\u010dovat ve \u010dten\u00ed<\/a><\/p>\n","protected":false},"author":1,"featured_media":0,"comment_status":"open","ping_status":"open","sticky":false,"template":"","format":"standard","meta":{"footnotes":""},"categories":[10],"tags":[],"class_list":["post-4107","post","type-post","status-publish","format-standard","hentry","category-stolni-lampa"],"_links":{"self":[{"href":"https:\/\/www.darkove-kose.com\/index.php\/wp-json\/wp\/v2\/posts\/4107","targetHints":{"allow":["GET"]}}],"collection":[{"href":"https:\/\/www.darkove-kose.com\/index.php\/wp-json\/wp\/v2\/posts"}],"about":[{"href":"https:\/\/www.darkove-kose.com\/index.php\/wp-json\/wp\/v2\/types\/post"}],"author":[{"embeddable":true,"href":"https:\/\/www.darkove-kose.com\/index.php\/wp-json\/wp\/v2\/users\/1"}],"replies":[{"embeddable":true,"href":"https:\/\/www.darkove-kose.com\/index.php\/wp-json\/wp\/v2\/comments?post=4107"}],"version-history":[{"count":0,"href":"https:\/\/www.darkove-kose.com\/index.php\/wp-json\/wp\/v2\/posts\/4107\/revisions"}],"wp:attachment":[{"href":"https:\/\/www.darkove-kose.com\/index.php\/wp-json\/wp\/v2\/media?parent=4107"}],"wp:term":[{"taxonomy":"category","embeddable":true,"href":"https:\/\/www.darkove-kose.com\/index.php\/wp-json\/wp\/v2\/categories?post=4107"},{"taxonomy":"post_tag","embeddable":true,"href":"https:\/\/www.darkove-kose.com\/index.php\/wp-json\/wp\/v2\/tags?post=4107"}],"curies":[{"name":"wp","href":"https:\/\/api.w.org\/{rel}","templated":true}]}}